{"id":27563,"date":"2026-04-23T07:56:22","date_gmt":"2026-04-23T07:56:22","guid":{"rendered":"https:\/\/canaryislandsfilm.com\/?p=27563"},"modified":"2026-04-23T07:56:22","modified_gmt":"2026-04-23T07:56:22","slug":"la-palma-best-european-location-2025","status":"publish","type":"post","link":"https:\/\/canaryislandsfilm.com\/en\/la-palma-best-european-location-2025\/","title":{"rendered":"La Palma, Best European Location 2025"},"content":{"rendered":"<p>La Palma has been recognized as the Best European Location at the <b>EUFCN Location Awards<\/b>, held within the framework of th<b>e European Film Market at the Berlinale this year.\u00a0<\/b><\/p>\n<p>The <b>European Film Commissions Network (EUFCN)<\/b>, which brings together more than 100 offices from 33 countries, organized the ninth edition of this annual competition, which rewards the most outstanding achievements in the world of filming locations.<b> Through Canary Islands Film, a member of the network, the award was granted for the filming of the Netflix series La Palma.<\/b><\/p>\n<p>The miniseries, produced by the Norwegian company<a href=\"https:\/\/fantefilm.no\/\"> Fante Film<\/a> and serviced by <a href=\"https:\/\/volcanofilms.com\/\">Volcano Films<\/a>, with the support of <a href=\"https:\/\/lapalmafilmcommission.com\/\">La Palma Film Commission<\/a>, incorporated the island\u2019s diverse landscapes as well as the volcanic eruption into its narrative; it also extended its filming to the island of Tenerife for several weeks.<\/p>\n<p>&nbsp;<\/p>\n","protected":false},"excerpt":{"rendered":"<p>La Palma has been recognized as the Best European Location at the EUFCN Location Awards, held within the framework of the European Film Market at the Berlinale this year.\u00a0 The&#8230;<\/p>\n","protected":false},"author":1,"featured_media":27564,"comment_status":"closed","ping_status":"closed","sticky":false,"template":"","format":"standard","meta":{"_acf_changed":false,"footnotes":""},"categories":[27],"tags":[],"class_list":{"0":"post-27563","1":"post","2":"type-post","3":"status-publish","4":"format-standard","5":"has-post-thumbnail","7":"category-news"},"acf":[],"yoast_head":"<!-- This site is optimized with the Yoast SEO plugin v27.5 - https:\/\/yoast.com\/product\/yoast-seo-wordpress\/ -->\n<title>La Palma, Best European Location 2025 &#8226; Canary Islands Film<\/title>\n<meta name=\"description\" content=\"Te ofrecemos en un solo espacio todas las novedades del sector audiovisual de Canarias: Noticias, Subvenciones, Festivales \u00a1todo a tu alcance!\" \/>\n<meta name=\"robots\" content=\"index, follow, max-snippet:-1, max-image-preview:large, max-video-preview:-1\" \/>\n<link rel=\"canonical\" href=\"https:\/\/canaryislandsfilm.com\/en\/la-palma-best-european-location-2025\/\" \/>\n<meta property=\"og:locale\" content=\"en_US\" \/>\n<meta property=\"og:type\" content=\"article\" \/>\n<meta property=\"og:title\" content=\"La Palma, Best European Location 2025 &#8226; Canary Islands Film\" \/>\n<meta property=\"og:description\" content=\"Te ofrecemos en un solo espacio todas las novedades del sector audiovisual de Canarias: Noticias, Subvenciones, Festivales \u00a1todo a tu alcance!\" \/>\n<meta property=\"og:url\" content=\"https:\/\/canaryislandsfilm.com\/en\/la-palma-best-european-location-2025\/\" \/>\n<meta property=\"og:site_name\" content=\"Canary Islands Film\" \/>\n<meta property=\"article:publisher\" content=\"https:\/\/www.facebook.com\/CanaryIslandsFilm\/\" \/>\n<meta property=\"article:published_time\" content=\"2026-04-23T07:56:22+00:00\" \/>\n<meta property=\"og:image\" content=\"https:\/\/canaryislandsfilm.com\/wp-content\/uploads\/2026\/04\/imgn.jpg\" \/>\n\t<meta property=\"og:image:width\" content=\"1200\" \/>\n\t<meta property=\"og:image:height\" content=\"703\" \/>\n\t<meta property=\"og:image:type\" content=\"image\/jpeg\" \/>\n<meta name=\"author\" content=\"gestion\" \/>\n<meta name=\"twitter:card\" content=\"summary_large_image\" \/>\n<meta name=\"twitter:label1\" content=\"Written by\" \/>\n\t<meta name=\"twitter:data1\" content=\"gestion\" \/>\n\t<meta name=\"twitter:label2\" content=\"Est. reading time\" \/>\n\t<meta name=\"twitter:data2\" content=\"1 minute\" \/>\n<script type=\"application\/ld+json\" class=\"yoast-schema-graph\">{\"@context\":\"https:\\\/\\\/schema.org\",\"@graph\":[{\"@type\":\"Article\",\"@id\":\"https:\\\/\\\/canaryislandsfilm.com\\\/en\\\/la-palma-best-european-location-2025\\\/#article\",\"isPartOf\":{\"@id\":\"https:\\\/\\\/canaryislandsfilm.com\\\/en\\\/la-palma-best-european-location-2025\\\/\"},\"author\":{\"name\":\"gestion\",\"@id\":\"https:\\\/\\\/canaryislandsfilm.com\\\/#\\\/schema\\\/person\\\/221de8fc4e43a28d9c23ff95448b8e87\"},\"headline\":\"La Palma, Best European Location 2025\",\"datePublished\":\"2026-04-23T07:56:22+00:00\",\"mainEntityOfPage\":{\"@id\":\"https:\\\/\\\/canaryislandsfilm.com\\\/en\\\/la-palma-best-european-location-2025\\\/\"},\"wordCount\":141,\"publisher\":{\"@id\":\"https:\\\/\\\/canaryislandsfilm.com\\\/#organization\"},\"image\":{\"@id\":\"https:\\\/\\\/canaryislandsfilm.com\\\/en\\\/la-palma-best-european-location-2025\\\/#primaryimage\"},\"thumbnailUrl\":\"https:\\\/\\\/canaryislandsfilm.com\\\/wp-content\\\/uploads\\\/2026\\\/04\\\/imgn.jpg\",\"articleSection\":[\"News\"],\"inLanguage\":\"en-US\"},{\"@type\":\"WebPage\",\"@id\":\"https:\\\/\\\/canaryislandsfilm.com\\\/en\\\/la-palma-best-european-location-2025\\\/\",\"url\":\"https:\\\/\\\/canaryislandsfilm.com\\\/en\\\/la-palma-best-european-location-2025\\\/\",\"name\":\"La Palma, Best European Location 2025 &#8226; Canary Islands Film\",\"isPartOf\":{\"@id\":\"https:\\\/\\\/canaryislandsfilm.com\\\/#website\"},\"primaryImageOfPage\":{\"@id\":\"https:\\\/\\\/canaryislandsfilm.com\\\/en\\\/la-palma-best-european-location-2025\\\/#primaryimage\"},\"image\":{\"@id\":\"https:\\\/\\\/canaryislandsfilm.com\\\/en\\\/la-palma-best-european-location-2025\\\/#primaryimage\"},\"thumbnailUrl\":\"https:\\\/\\\/canaryislandsfilm.com\\\/wp-content\\\/uploads\\\/2026\\\/04\\\/imgn.jpg\",\"datePublished\":\"2026-04-23T07:56:22+00:00\",\"description\":\"Te ofrecemos en un solo espacio todas las novedades del sector audiovisual de Canarias: Noticias, Subvenciones, Festivales \u00a1todo a tu alcance!\",\"breadcrumb\":{\"@id\":\"https:\\\/\\\/canaryislandsfilm.com\\\/en\\\/la-palma-best-european-location-2025\\\/#breadcrumb\"},\"inLanguage\":\"en-US\",\"potentialAction\":[{\"@type\":\"ReadAction\",\"target\":[\"https:\\\/\\\/canaryislandsfilm.com\\\/en\\\/la-palma-best-european-location-2025\\\/\"]}]},{\"@type\":\"ImageObject\",\"inLanguage\":\"en-US\",\"@id\":\"https:\\\/\\\/canaryislandsfilm.com\\\/en\\\/la-palma-best-european-location-2025\\\/#primaryimage\",\"url\":\"https:\\\/\\\/canaryislandsfilm.com\\\/wp-content\\\/uploads\\\/2026\\\/04\\\/imgn.jpg\",\"contentUrl\":\"https:\\\/\\\/canaryislandsfilm.com\\\/wp-content\\\/uploads\\\/2026\\\/04\\\/imgn.jpg\",\"width\":1200,\"height\":703},{\"@type\":\"BreadcrumbList\",\"@id\":\"https:\\\/\\\/canaryislandsfilm.com\\\/en\\\/la-palma-best-european-location-2025\\\/#breadcrumb\",\"itemListElement\":[{\"@type\":\"ListItem\",\"position\":1,\"name\":\"Portada\",\"item\":\"https:\\\/\\\/canaryislandsfilm.com\\\/en\\\/\"},{\"@type\":\"ListItem\",\"position\":2,\"name\":\"La Palma, Best European Location 2025\"}]},{\"@type\":\"WebSite\",\"@id\":\"https:\\\/\\\/canaryislandsfilm.com\\\/#website\",\"url\":\"https:\\\/\\\/canaryislandsfilm.com\\\/\",\"name\":\"Canary Islands Film\",\"description\":\"Departamento del Gobierno de Canarias a trav\u00e9s del cual puedes encontrar la informaci\u00f3n necesaria sobre las ventajas fiscales, las localizaciones, y todo lo necesario para tu producci\u00f3n audiovisual.\",\"publisher\":{\"@id\":\"https:\\\/\\\/canaryislandsfilm.com\\\/#organization\"},\"alternateName\":\"Canary Islands Film. The Smart Filming\",\"potentialAction\":[{\"@type\":\"SearchAction\",\"target\":{\"@type\":\"EntryPoint\",\"urlTemplate\":\"https:\\\/\\\/canaryislandsfilm.com\\\/?s={search_term_string}\"},\"query-input\":{\"@type\":\"PropertyValueSpecification\",\"valueRequired\":true,\"valueName\":\"search_term_string\"}}],\"inLanguage\":\"en-US\"},{\"@type\":\"Organization\",\"@id\":\"https:\\\/\\\/canaryislandsfilm.com\\\/#organization\",\"name\":\"Canary Islands Film\",\"url\":\"https:\\\/\\\/canaryislandsfilm.com\\\/\",\"logo\":{\"@type\":\"ImageObject\",\"inLanguage\":\"en-US\",\"@id\":\"https:\\\/\\\/canaryislandsfilm.com\\\/#\\\/schema\\\/logo\\\/image\\\/\",\"url\":\"https:\\\/\\\/canaryislandsfilm.com\\\/wp-content\\\/uploads\\\/2019\\\/06\\\/logonotica-CIF.png\",\"contentUrl\":\"https:\\\/\\\/canaryislandsfilm.com\\\/wp-content\\\/uploads\\\/2019\\\/06\\\/logonotica-CIF.png\",\"width\":400,\"height\":111,\"caption\":\"Canary Islands Film\"},\"image\":{\"@id\":\"https:\\\/\\\/canaryislandsfilm.com\\\/#\\\/schema\\\/logo\\\/image\\\/\"},\"sameAs\":[\"https:\\\/\\\/www.facebook.com\\\/CanaryIslandsFilm\\\/\",\"https:\\\/\\\/www.instagram.com\\\/canaryislandsfilm\\\/\",\"https:\\\/\\\/www.youtube.com\\\/channel\\\/UCaLlibOVe6aF3QkQ2Ksxd7Q\"]},{\"@type\":\"Person\",\"@id\":\"https:\\\/\\\/canaryislandsfilm.com\\\/#\\\/schema\\\/person\\\/221de8fc4e43a28d9c23ff95448b8e87\",\"name\":\"gestion\",\"image\":{\"@type\":\"ImageObject\",\"inLanguage\":\"en-US\",\"@id\":\"https:\\\/\\\/secure.gravatar.com\\\/avatar\\\/140a50f3ccedb6800db975f54f98fd4383ad5a46bc6d271860482fa120c27172?s=96&d=mm&r=g\",\"url\":\"https:\\\/\\\/secure.gravatar.com\\\/avatar\\\/140a50f3ccedb6800db975f54f98fd4383ad5a46bc6d271860482fa120c27172?s=96&d=mm&r=g\",\"contentUrl\":\"https:\\\/\\\/secure.gravatar.com\\\/avatar\\\/140a50f3ccedb6800db975f54f98fd4383ad5a46bc6d271860482fa120c27172?s=96&d=mm&r=g\",\"caption\":\"gestion\"},\"url\":\"https:\\\/\\\/canaryislandsfilm.com\\\/en\\\/author\\\/gestion\\\/\"}]}<\/script>\n<!-- \/ Yoast SEO plugin. -->","yoast_head_json":{"title":"La Palma, Best European Location 2025 &#8226; Canary Islands Film","description":"Te ofrecemos en un solo espacio todas las novedades del sector audiovisual de Canarias: Noticias, Subvenciones, Festivales \u00a1todo a tu alcance!","robots":{"index":"index","follow":"follow","max-snippet":"max-snippet:-1","max-image-preview":"max-image-preview:large","max-video-preview":"max-video-preview:-1"},"canonical":"https:\/\/canaryislandsfilm.com\/en\/la-palma-best-european-location-2025\/","og_locale":"en_US","og_type":"article","og_title":"La Palma, Best European Location 2025 &#8226; Canary Islands Film","og_description":"Te ofrecemos en un solo espacio todas las novedades del sector audiovisual de Canarias: Noticias, Subvenciones, Festivales \u00a1todo a tu alcance!","og_url":"https:\/\/canaryislandsfilm.com\/en\/la-palma-best-european-location-2025\/","og_site_name":"Canary Islands Film","article_publisher":"https:\/\/www.facebook.com\/CanaryIslandsFilm\/","article_published_time":"2026-04-23T07:56:22+00:00","og_image":[{"width":1200,"height":703,"url":"https:\/\/canaryislandsfilm.com\/wp-content\/uploads\/2026\/04\/imgn.jpg","type":"image\/jpeg"}],"author":"gestion","twitter_card":"summary_large_image","twitter_misc":{"Written by":"gestion","Est. reading time":"1 minute"},"schema":{"@context":"https:\/\/schema.org","@graph":[{"@type":"Article","@id":"https:\/\/canaryislandsfilm.com\/en\/la-palma-best-european-location-2025\/#article","isPartOf":{"@id":"https:\/\/canaryislandsfilm.com\/en\/la-palma-best-european-location-2025\/"},"author":{"name":"gestion","@id":"https:\/\/canaryislandsfilm.com\/#\/schema\/person\/221de8fc4e43a28d9c23ff95448b8e87"},"headline":"La Palma, Best European Location 2025","datePublished":"2026-04-23T07:56:22+00:00","mainEntityOfPage":{"@id":"https:\/\/canaryislandsfilm.com\/en\/la-palma-best-european-location-2025\/"},"wordCount":141,"publisher":{"@id":"https:\/\/canaryislandsfilm.com\/#organization"},"image":{"@id":"https:\/\/canaryislandsfilm.com\/en\/la-palma-best-european-location-2025\/#primaryimage"},"thumbnailUrl":"https:\/\/canaryislandsfilm.com\/wp-content\/uploads\/2026\/04\/imgn.jpg","articleSection":["News"],"inLanguage":"en-US"},{"@type":"WebPage","@id":"https:\/\/canaryislandsfilm.com\/en\/la-palma-best-european-location-2025\/","url":"https:\/\/canaryislandsfilm.com\/en\/la-palma-best-european-location-2025\/","name":"La Palma, Best European Location 2025 &#8226; Canary Islands Film","isPartOf":{"@id":"https:\/\/canaryislandsfilm.com\/#website"},"primaryImageOfPage":{"@id":"https:\/\/canaryislandsfilm.com\/en\/la-palma-best-european-location-2025\/#primaryimage"},"image":{"@id":"https:\/\/canaryislandsfilm.com\/en\/la-palma-best-european-location-2025\/#primaryimage"},"thumbnailUrl":"https:\/\/canaryislandsfilm.com\/wp-content\/uploads\/2026\/04\/imgn.jpg","datePublished":"2026-04-23T07:56:22+00:00","description":"Te ofrecemos en un solo espacio todas las novedades del sector audiovisual de Canarias: Noticias, Subvenciones, Festivales \u00a1todo a tu alcance!","breadcrumb":{"@id":"https:\/\/canaryislandsfilm.com\/en\/la-palma-best-european-location-2025\/#breadcrumb"},"inLanguage":"en-US","potentialAction":[{"@type":"ReadAction","target":["https:\/\/canaryislandsfilm.com\/en\/la-palma-best-european-location-2025\/"]}]},{"@type":"ImageObject","inLanguage":"en-US","@id":"https:\/\/canaryislandsfilm.com\/en\/la-palma-best-european-location-2025\/#primaryimage","url":"https:\/\/canaryislandsfilm.com\/wp-content\/uploads\/2026\/04\/imgn.jpg","contentUrl":"https:\/\/canaryislandsfilm.com\/wp-content\/uploads\/2026\/04\/imgn.jpg","width":1200,"height":703},{"@type":"BreadcrumbList","@id":"https:\/\/canaryislandsfilm.com\/en\/la-palma-best-european-location-2025\/#breadcrumb","itemListElement":[{"@type":"ListItem","position":1,"name":"Portada","item":"https:\/\/canaryislandsfilm.com\/en\/"},{"@type":"ListItem","position":2,"name":"La Palma, Best European Location 2025"}]},{"@type":"WebSite","@id":"https:\/\/canaryislandsfilm.com\/#website","url":"https:\/\/canaryislandsfilm.com\/","name":"Canary Islands Film","description":"Departamento del Gobierno de Canarias a trav\u00e9s del cual puedes encontrar la informaci\u00f3n necesaria sobre las ventajas fiscales, las localizaciones, y todo lo necesario para tu producci\u00f3n audiovisual.","publisher":{"@id":"https:\/\/canaryislandsfilm.com\/#organization"},"alternateName":"Canary Islands Film. The Smart Filming","potentialAction":[{"@type":"SearchAction","target":{"@type":"EntryPoint","urlTemplate":"https:\/\/canaryislandsfilm.com\/?s={search_term_string}"},"query-input":{"@type":"PropertyValueSpecification","valueRequired":true,"valueName":"search_term_string"}}],"inLanguage":"en-US"},{"@type":"Organization","@id":"https:\/\/canaryislandsfilm.com\/#organization","name":"Canary Islands Film","url":"https:\/\/canaryislandsfilm.com\/","logo":{"@type":"ImageObject","inLanguage":"en-US","@id":"https:\/\/canaryislandsfilm.com\/#\/schema\/logo\/image\/","url":"https:\/\/canaryislandsfilm.com\/wp-content\/uploads\/2019\/06\/logonotica-CIF.png","contentUrl":"https:\/\/canaryislandsfilm.com\/wp-content\/uploads\/2019\/06\/logonotica-CIF.png","width":400,"height":111,"caption":"Canary Islands Film"},"image":{"@id":"https:\/\/canaryislandsfilm.com\/#\/schema\/logo\/image\/"},"sameAs":["https:\/\/www.facebook.com\/CanaryIslandsFilm\/","https:\/\/www.instagram.com\/canaryislandsfilm\/","https:\/\/www.youtube.com\/channel\/UCaLlibOVe6aF3QkQ2Ksxd7Q"]},{"@type":"Person","@id":"https:\/\/canaryislandsfilm.com\/#\/schema\/person\/221de8fc4e43a28d9c23ff95448b8e87","name":"gestion","image":{"@type":"ImageObject","inLanguage":"en-US","@id":"https:\/\/secure.gravatar.com\/avatar\/140a50f3ccedb6800db975f54f98fd4383ad5a46bc6d271860482fa120c27172?s=96&d=mm&r=g","url":"https:\/\/secure.gravatar.com\/avatar\/140a50f3ccedb6800db975f54f98fd4383ad5a46bc6d271860482fa120c27172?s=96&d=mm&r=g","contentUrl":"https:\/\/secure.gravatar.com\/avatar\/140a50f3ccedb6800db975f54f98fd4383ad5a46bc6d271860482fa120c27172?s=96&d=mm&r=g","caption":"gestion"},"url":"https:\/\/canaryislandsfilm.com\/en\/author\/gestion\/"}]}},"_links":{"self":[{"href":"https:\/\/canaryislandsfilm.com\/en\/wp-json\/wp\/v2\/posts\/27563","targetHints":{"allow":["GET"]}}],"collection":[{"href":"https:\/\/canaryislandsfilm.com\/en\/wp-json\/wp\/v2\/posts"}],"about":[{"href":"https:\/\/canaryislandsfilm.com\/en\/wp-json\/wp\/v2\/types\/post"}],"author":[{"embeddable":true,"href":"https:\/\/canaryislandsfilm.com\/en\/wp-json\/wp\/v2\/users\/1"}],"replies":[{"embeddable":true,"href":"https:\/\/canaryislandsfilm.com\/en\/wp-json\/wp\/v2\/comments?post=27563"}],"version-history":[{"count":2,"href":"https:\/\/canaryislandsfilm.com\/en\/wp-json\/wp\/v2\/posts\/27563\/revisions"}],"predecessor-version":[{"id":27572,"href":"https:\/\/canaryislandsfilm.com\/en\/wp-json\/wp\/v2\/posts\/27563\/revisions\/27572"}],"wp:featuredmedia":[{"embeddable":true,"href":"https:\/\/canaryislandsfilm.com\/en\/wp-json\/wp\/v2\/media\/27564"}],"wp:attachment":[{"href":"https:\/\/canaryislandsfilm.com\/en\/wp-json\/wp\/v2\/media?parent=27563"}],"wp:term":[{"taxonomy":"category","embeddable":true,"href":"https:\/\/canaryislandsfilm.com\/en\/wp-json\/wp\/v2\/categories?post=27563"},{"taxonomy":"post_tag","embeddable":true,"href":"https:\/\/canaryislandsfilm.com\/en\/wp-json\/wp\/v2\/tags?post=27563"}],"curies":[{"name":"wp","href":"https:\/\/api.w.org\/{rel}","templated":true}]}}