{"id":27568,"date":"2026-04-23T08:00:44","date_gmt":"2026-04-23T08:00:44","guid":{"rendered":"https:\/\/canaryislandsfilm.com\/?p=27568"},"modified":"2026-04-23T08:00:44","modified_gmt":"2026-04-23T08:00:44","slug":"canarian-cinema-beats-festivals","status":"publish","type":"post","link":"https:\/\/canaryislandsfilm.com\/en\/canarian-cinema-beats-festivals\/","title":{"rendered":"Canarian Cinema beats Festivals"},"content":{"rendered":"<p>The Canary Islands have been present at numerous prestigious international festivals and awards, with films featured in official competition as well as in industry areas, represented by professionals and companies from the sector.<\/p>\n<p>Some of the events in which Canarian cinema has participated in 2026 include the <b>Goya Awards<\/b>, the<b> M\u00e1laga Film Festival<\/b>, and<b> the Berlinale<\/b>.<\/p>\n<p>&nbsp;<\/p>\n<p><b>Goya Awards<\/b><\/p>\n<p>Among the nominated Canarian films were: <a href=\"https:\/\/www.premiosgoya.com\/pelicula\/norbert\"><b><i>Norbert<\/i><\/b><\/a>, for<b> Best Animated Feature,<\/b> co-produced by the Tenerife-based studio 3 Doubles and the support of the Canary Islands Government (Production 2021).<a href=\"https:\/\/www.premiosgoya.com\/pelicula\/2025-todos-somos-gaza\"> <b><i>Todos somos Gaza<\/i><\/b><\/a>, nominated for <b>Best Documentary Feature<\/b>, produced by the Gran Canaria-based Videoreport Canarias SL and Fuerteventura-based Doc Land Canarias. <a href=\"https:\/\/www.premiosgoya.com\/pelicula\/maspalomas\/\"><b><i>Maspalomas<\/i><\/b><\/a>, with 9 nominations, including<b> Best Film and Best<\/b> <b>Director,<\/b> was partly shot on the iconic beach in the south of Gran Canaria.<\/p>\n<p>&nbsp;<\/p>\n<p><b>M\u00e1laga Film Festival<\/b><\/p>\n<p>The Archipelago was present at the 29th edition of the <a href=\"https:\/\/festivaldemalaga.com\/\">M\u00e1laga Film Festival<\/a>, both competing in official and non-competitive sections.<\/p>\n<p><b><i>El mapa para tocarte<\/i><\/b>, by filmmaker Mercedes Afonso from La Palma, produced by <a href=\"https:\/\/lunaticaproducciones.es\/\">Lun\u00e1tica Producciones<\/a> won the<b> Silver Biznaga for Best Documentary<\/b>.<\/p>\n<p><b><i>Cu\u00e1ntica Rave<\/i><\/b>, directed by Paco L. Campano and co-produced by the Canarian company <a href=\"https:\/\/insularia.es\/films\/\">Insularia Films, <\/a>competed In the official section. The film counts with the support of the Canary Islands Government (Minority co-production 2023).<\/p>\n<p>In addition, more than thirty professionals attended <b>MAFIZ<\/b>\u2014the festival\u2019s industry area\u2014where Canary Islands Film showcased the funding tools the Islands offer for audiovisual production, as well as their creative and industrial ecosystem.<\/p>\n<p>&nbsp;<\/p>\n<p><b>Berlinale<\/b><\/p>\n<p>Among the 22 films nominated at the 76th edition of the <a href=\"https:\/\/www.berlinale.de\/en\/home.html\">Berlinale <\/a>was <b><i>Rosebush Pruning<\/i><\/b>, by Brazilian director Karim A\u00efnouz; a co-production in which Spain participated through the Canarian production company<a href=\"https:\/\/www.sur-film.com\/\"> Sur-Film<\/a>, internationally recognized for its experience as a service production company.<\/p>\n<p>Likewise,<b> Canary Islands Film <\/b>organized a promotional event for the Islands\u2019 film and audiovisual industry, attended by almost two hundred professionals.<\/p>\n<p>&nbsp;<\/p>\n<p><b>Other international awards for Canarian films<\/b><\/p>\n<p>The Canary Islands have received a large number of recognitions in the past months. Some of them, all counting with the support\u00a0 of the Canary Islands Government, include:<\/p>\n<ul>\n<li aria-level=\"1\"><b><i>Sugar Island,<\/i><\/b> co-produced by Tinglado Film, won Best Film at the New York Latin American Film Festival.<\/li>\n<li aria-level=\"1\"><b><i>La Cosa en la Niebla,<\/i><\/b> directed by Chedey Reyes (Jugoplastika) won 2 awards at Miami Sci-Fi International Film Festival.<\/li>\n<li aria-level=\"1\"><b><i>La lucha<\/i><\/b>, directed by Jos\u00e9 Alay\u00f3n (El Viaje Films) selected for the International Competition at BAFICI 2026 and screened at the San Sebastian International Film Festival.<\/li>\n<\/ul>\n<p>&nbsp;<\/p>\n<p style=\"text-align: right;\"><em>Image credit: Jos\u00e9 Alay\u00f3n\u00b4s <b>La lucha<\/b>. Adri\u00e1n Gonz\u00e1lez Bravo<\/em><\/p>\n","protected":false},"excerpt":{"rendered":"<p>The Canary Islands have been present at numerous prestigious international festivals and awards, with films featured in official competition as well as in industry areas, represented by professionals and companies&#8230;<\/p>\n","protected":false},"author":1,"featured_media":27580,"comment_status":"closed","ping_status":"closed","sticky":false,"template":"","format":"standard","meta":{"_acf_changed":false,"footnotes":""},"categories":[27],"tags":[],"class_list":{"0":"post-27568","1":"post","2":"type-post","3":"status-publish","4":"format-standard","5":"has-post-thumbnail","7":"category-news"},"acf":[],"yoast_head":"<!-- This site is optimized with the Yoast SEO plugin v27.5 - https:\/\/yoast.com\/product\/yoast-seo-wordpress\/ -->\n<title>Canarian Cinema beats Festivals &#8226; Canary Islands Film<\/title>\n<meta name=\"description\" content=\"Te ofrecemos en un solo espacio todas las novedades del sector audiovisual de Canarias: Noticias, Subvenciones, Festivales \u00a1todo a tu alcance!\" \/>\n<meta name=\"robots\" content=\"index, follow, max-snippet:-1, max-image-preview:large, max-video-preview:-1\" \/>\n<link rel=\"canonical\" href=\"https:\/\/canaryislandsfilm.com\/en\/canarian-cinema-beats-festivals\/\" \/>\n<meta property=\"og:locale\" content=\"en_US\" \/>\n<meta property=\"og:type\" content=\"article\" \/>\n<meta property=\"og:title\" content=\"Canarian Cinema beats Festivals &#8226; Canary Islands Film\" \/>\n<meta property=\"og:description\" content=\"Te ofrecemos en un solo espacio todas las novedades del sector audiovisual de Canarias: Noticias, Subvenciones, Festivales \u00a1todo a tu alcance!\" \/>\n<meta property=\"og:url\" content=\"https:\/\/canaryislandsfilm.com\/en\/canarian-cinema-beats-festivals\/\" \/>\n<meta property=\"og:site_name\" content=\"Canary Islands Film\" \/>\n<meta property=\"article:publisher\" content=\"https:\/\/www.facebook.com\/CanaryIslandsFilm\/\" \/>\n<meta property=\"article:published_time\" content=\"2026-04-23T08:00:44+00:00\" \/>\n<meta property=\"og:image\" content=\"https:\/\/canaryislandsfilm.com\/wp-content\/uploads\/2026\/04\/still-la-lucha1-Adrian-Gonzalez-Bravo.jpg\" \/>\n\t<meta property=\"og:image:width\" content=\"1200\" \/>\n\t<meta property=\"og:image:height\" content=\"648\" \/>\n\t<meta property=\"og:image:type\" content=\"image\/jpeg\" \/>\n<meta name=\"author\" content=\"gestion\" \/>\n<meta name=\"twitter:card\" content=\"summary_large_image\" \/>\n<meta name=\"twitter:label1\" content=\"Written by\" \/>\n\t<meta name=\"twitter:data1\" content=\"gestion\" \/>\n\t<meta name=\"twitter:label2\" content=\"Est. reading time\" \/>\n\t<meta name=\"twitter:data2\" content=\"3 minutes\" \/>\n<script type=\"application\/ld+json\" class=\"yoast-schema-graph\">{\"@context\":\"https:\\\/\\\/schema.org\",\"@graph\":[{\"@type\":\"Article\",\"@id\":\"https:\\\/\\\/canaryislandsfilm.com\\\/en\\\/canarian-cinema-beats-festivals\\\/#article\",\"isPartOf\":{\"@id\":\"https:\\\/\\\/canaryislandsfilm.com\\\/en\\\/canarian-cinema-beats-festivals\\\/\"},\"author\":{\"name\":\"gestion\",\"@id\":\"https:\\\/\\\/canaryislandsfilm.com\\\/#\\\/schema\\\/person\\\/221de8fc4e43a28d9c23ff95448b8e87\"},\"headline\":\"Canarian Cinema beats Festivals\",\"datePublished\":\"2026-04-23T08:00:44+00:00\",\"mainEntityOfPage\":{\"@id\":\"https:\\\/\\\/canaryislandsfilm.com\\\/en\\\/canarian-cinema-beats-festivals\\\/\"},\"wordCount\":425,\"publisher\":{\"@id\":\"https:\\\/\\\/canaryislandsfilm.com\\\/#organization\"},\"image\":{\"@id\":\"https:\\\/\\\/canaryislandsfilm.com\\\/en\\\/canarian-cinema-beats-festivals\\\/#primaryimage\"},\"thumbnailUrl\":\"https:\\\/\\\/canaryislandsfilm.com\\\/wp-content\\\/uploads\\\/2026\\\/04\\\/still-la-lucha1-Adrian-Gonzalez-Bravo.jpg\",\"articleSection\":[\"News\"],\"inLanguage\":\"en-US\"},{\"@type\":\"WebPage\",\"@id\":\"https:\\\/\\\/canaryislandsfilm.com\\\/en\\\/canarian-cinema-beats-festivals\\\/\",\"url\":\"https:\\\/\\\/canaryislandsfilm.com\\\/en\\\/canarian-cinema-beats-festivals\\\/\",\"name\":\"Canarian Cinema beats Festivals &#8226; Canary Islands Film\",\"isPartOf\":{\"@id\":\"https:\\\/\\\/canaryislandsfilm.com\\\/#website\"},\"primaryImageOfPage\":{\"@id\":\"https:\\\/\\\/canaryislandsfilm.com\\\/en\\\/canarian-cinema-beats-festivals\\\/#primaryimage\"},\"image\":{\"@id\":\"https:\\\/\\\/canaryislandsfilm.com\\\/en\\\/canarian-cinema-beats-festivals\\\/#primaryimage\"},\"thumbnailUrl\":\"https:\\\/\\\/canaryislandsfilm.com\\\/wp-content\\\/uploads\\\/2026\\\/04\\\/still-la-lucha1-Adrian-Gonzalez-Bravo.jpg\",\"datePublished\":\"2026-04-23T08:00:44+00:00\",\"description\":\"Te ofrecemos en un solo espacio todas las novedades del sector audiovisual de Canarias: Noticias, Subvenciones, Festivales \u00a1todo a tu alcance!\",\"breadcrumb\":{\"@id\":\"https:\\\/\\\/canaryislandsfilm.com\\\/en\\\/canarian-cinema-beats-festivals\\\/#breadcrumb\"},\"inLanguage\":\"en-US\",\"potentialAction\":[{\"@type\":\"ReadAction\",\"target\":[\"https:\\\/\\\/canaryislandsfilm.com\\\/en\\\/canarian-cinema-beats-festivals\\\/\"]}]},{\"@type\":\"ImageObject\",\"inLanguage\":\"en-US\",\"@id\":\"https:\\\/\\\/canaryislandsfilm.com\\\/en\\\/canarian-cinema-beats-festivals\\\/#primaryimage\",\"url\":\"https:\\\/\\\/canaryislandsfilm.com\\\/wp-content\\\/uploads\\\/2026\\\/04\\\/still-la-lucha1-Adrian-Gonzalez-Bravo.jpg\",\"contentUrl\":\"https:\\\/\\\/canaryislandsfilm.com\\\/wp-content\\\/uploads\\\/2026\\\/04\\\/still-la-lucha1-Adrian-Gonzalez-Bravo.jpg\",\"width\":1200,\"height\":648},{\"@type\":\"BreadcrumbList\",\"@id\":\"https:\\\/\\\/canaryislandsfilm.com\\\/en\\\/canarian-cinema-beats-festivals\\\/#breadcrumb\",\"itemListElement\":[{\"@type\":\"ListItem\",\"position\":1,\"name\":\"Portada\",\"item\":\"https:\\\/\\\/canaryislandsfilm.com\\\/en\\\/\"},{\"@type\":\"ListItem\",\"position\":2,\"name\":\"Canarian Cinema beats Festivals\"}]},{\"@type\":\"WebSite\",\"@id\":\"https:\\\/\\\/canaryislandsfilm.com\\\/#website\",\"url\":\"https:\\\/\\\/canaryislandsfilm.com\\\/\",\"name\":\"Canary Islands Film\",\"description\":\"Departamento del Gobierno de Canarias a trav\u00e9s del cual puedes encontrar la informaci\u00f3n necesaria sobre las ventajas fiscales, las localizaciones, y todo lo necesario para tu producci\u00f3n audiovisual.\",\"publisher\":{\"@id\":\"https:\\\/\\\/canaryislandsfilm.com\\\/#organization\"},\"alternateName\":\"Canary Islands Film. The Smart Filming\",\"potentialAction\":[{\"@type\":\"SearchAction\",\"target\":{\"@type\":\"EntryPoint\",\"urlTemplate\":\"https:\\\/\\\/canaryislandsfilm.com\\\/?s={search_term_string}\"},\"query-input\":{\"@type\":\"PropertyValueSpecification\",\"valueRequired\":true,\"valueName\":\"search_term_string\"}}],\"inLanguage\":\"en-US\"},{\"@type\":\"Organization\",\"@id\":\"https:\\\/\\\/canaryislandsfilm.com\\\/#organization\",\"name\":\"Canary Islands Film\",\"url\":\"https:\\\/\\\/canaryislandsfilm.com\\\/\",\"logo\":{\"@type\":\"ImageObject\",\"inLanguage\":\"en-US\",\"@id\":\"https:\\\/\\\/canaryislandsfilm.com\\\/#\\\/schema\\\/logo\\\/image\\\/\",\"url\":\"https:\\\/\\\/canaryislandsfilm.com\\\/wp-content\\\/uploads\\\/2019\\\/06\\\/logonotica-CIF.png\",\"contentUrl\":\"https:\\\/\\\/canaryislandsfilm.com\\\/wp-content\\\/uploads\\\/2019\\\/06\\\/logonotica-CIF.png\",\"width\":400,\"height\":111,\"caption\":\"Canary Islands Film\"},\"image\":{\"@id\":\"https:\\\/\\\/canaryislandsfilm.com\\\/#\\\/schema\\\/logo\\\/image\\\/\"},\"sameAs\":[\"https:\\\/\\\/www.facebook.com\\\/CanaryIslandsFilm\\\/\",\"https:\\\/\\\/www.instagram.com\\\/canaryislandsfilm\\\/\",\"https:\\\/\\\/www.youtube.com\\\/channel\\\/UCaLlibOVe6aF3QkQ2Ksxd7Q\"]},{\"@type\":\"Person\",\"@id\":\"https:\\\/\\\/canaryislandsfilm.com\\\/#\\\/schema\\\/person\\\/221de8fc4e43a28d9c23ff95448b8e87\",\"name\":\"gestion\",\"image\":{\"@type\":\"ImageObject\",\"inLanguage\":\"en-US\",\"@id\":\"https:\\\/\\\/secure.gravatar.com\\\/avatar\\\/140a50f3ccedb6800db975f54f98fd4383ad5a46bc6d271860482fa120c27172?s=96&d=mm&r=g\",\"url\":\"https:\\\/\\\/secure.gravatar.com\\\/avatar\\\/140a50f3ccedb6800db975f54f98fd4383ad5a46bc6d271860482fa120c27172?s=96&d=mm&r=g\",\"contentUrl\":\"https:\\\/\\\/secure.gravatar.com\\\/avatar\\\/140a50f3ccedb6800db975f54f98fd4383ad5a46bc6d271860482fa120c27172?s=96&d=mm&r=g\",\"caption\":\"gestion\"},\"url\":\"https:\\\/\\\/canaryislandsfilm.com\\\/en\\\/author\\\/gestion\\\/\"}]}<\/script>\n<!-- \/ Yoast SEO plugin. -->","yoast_head_json":{"title":"Canarian Cinema beats Festivals &#8226; Canary Islands Film","description":"Te ofrecemos en un solo espacio todas las novedades del sector audiovisual de Canarias: Noticias, Subvenciones, Festivales \u00a1todo a tu alcance!","robots":{"index":"index","follow":"follow","max-snippet":"max-snippet:-1","max-image-preview":"max-image-preview:large","max-video-preview":"max-video-preview:-1"},"canonical":"https:\/\/canaryislandsfilm.com\/en\/canarian-cinema-beats-festivals\/","og_locale":"en_US","og_type":"article","og_title":"Canarian Cinema beats Festivals &#8226; Canary Islands Film","og_description":"Te ofrecemos en un solo espacio todas las novedades del sector audiovisual de Canarias: Noticias, Subvenciones, Festivales \u00a1todo a tu alcance!","og_url":"https:\/\/canaryislandsfilm.com\/en\/canarian-cinema-beats-festivals\/","og_site_name":"Canary Islands Film","article_publisher":"https:\/\/www.facebook.com\/CanaryIslandsFilm\/","article_published_time":"2026-04-23T08:00:44+00:00","og_image":[{"width":1200,"height":648,"url":"https:\/\/canaryislandsfilm.com\/wp-content\/uploads\/2026\/04\/still-la-lucha1-Adrian-Gonzalez-Bravo.jpg","type":"image\/jpeg"}],"author":"gestion","twitter_card":"summary_large_image","twitter_misc":{"Written by":"gestion","Est. reading time":"3 minutes"},"schema":{"@context":"https:\/\/schema.org","@graph":[{"@type":"Article","@id":"https:\/\/canaryislandsfilm.com\/en\/canarian-cinema-beats-festivals\/#article","isPartOf":{"@id":"https:\/\/canaryislandsfilm.com\/en\/canarian-cinema-beats-festivals\/"},"author":{"name":"gestion","@id":"https:\/\/canaryislandsfilm.com\/#\/schema\/person\/221de8fc4e43a28d9c23ff95448b8e87"},"headline":"Canarian Cinema beats Festivals","datePublished":"2026-04-23T08:00:44+00:00","mainEntityOfPage":{"@id":"https:\/\/canaryislandsfilm.com\/en\/canarian-cinema-beats-festivals\/"},"wordCount":425,"publisher":{"@id":"https:\/\/canaryislandsfilm.com\/#organization"},"image":{"@id":"https:\/\/canaryislandsfilm.com\/en\/canarian-cinema-beats-festivals\/#primaryimage"},"thumbnailUrl":"https:\/\/canaryislandsfilm.com\/wp-content\/uploads\/2026\/04\/still-la-lucha1-Adrian-Gonzalez-Bravo.jpg","articleSection":["News"],"inLanguage":"en-US"},{"@type":"WebPage","@id":"https:\/\/canaryislandsfilm.com\/en\/canarian-cinema-beats-festivals\/","url":"https:\/\/canaryislandsfilm.com\/en\/canarian-cinema-beats-festivals\/","name":"Canarian Cinema beats Festivals &#8226; Canary Islands Film","isPartOf":{"@id":"https:\/\/canaryislandsfilm.com\/#website"},"primaryImageOfPage":{"@id":"https:\/\/canaryislandsfilm.com\/en\/canarian-cinema-beats-festivals\/#primaryimage"},"image":{"@id":"https:\/\/canaryislandsfilm.com\/en\/canarian-cinema-beats-festivals\/#primaryimage"},"thumbnailUrl":"https:\/\/canaryislandsfilm.com\/wp-content\/uploads\/2026\/04\/still-la-lucha1-Adrian-Gonzalez-Bravo.jpg","datePublished":"2026-04-23T08:00:44+00:00","description":"Te ofrecemos en un solo espacio todas las novedades del sector audiovisual de Canarias: Noticias, Subvenciones, Festivales \u00a1todo a tu alcance!","breadcrumb":{"@id":"https:\/\/canaryislandsfilm.com\/en\/canarian-cinema-beats-festivals\/#breadcrumb"},"inLanguage":"en-US","potentialAction":[{"@type":"ReadAction","target":["https:\/\/canaryislandsfilm.com\/en\/canarian-cinema-beats-festivals\/"]}]},{"@type":"ImageObject","inLanguage":"en-US","@id":"https:\/\/canaryislandsfilm.com\/en\/canarian-cinema-beats-festivals\/#primaryimage","url":"https:\/\/canaryislandsfilm.com\/wp-content\/uploads\/2026\/04\/still-la-lucha1-Adrian-Gonzalez-Bravo.jpg","contentUrl":"https:\/\/canaryislandsfilm.com\/wp-content\/uploads\/2026\/04\/still-la-lucha1-Adrian-Gonzalez-Bravo.jpg","width":1200,"height":648},{"@type":"BreadcrumbList","@id":"https:\/\/canaryislandsfilm.com\/en\/canarian-cinema-beats-festivals\/#breadcrumb","itemListElement":[{"@type":"ListItem","position":1,"name":"Portada","item":"https:\/\/canaryislandsfilm.com\/en\/"},{"@type":"ListItem","position":2,"name":"Canarian Cinema beats Festivals"}]},{"@type":"WebSite","@id":"https:\/\/canaryislandsfilm.com\/#website","url":"https:\/\/canaryislandsfilm.com\/","name":"Canary Islands Film","description":"Departamento del Gobierno de Canarias a trav\u00e9s del cual puedes encontrar la informaci\u00f3n necesaria sobre las ventajas fiscales, las localizaciones, y todo lo necesario para tu producci\u00f3n audiovisual.","publisher":{"@id":"https:\/\/canaryislandsfilm.com\/#organization"},"alternateName":"Canary Islands Film. The Smart Filming","potentialAction":[{"@type":"SearchAction","target":{"@type":"EntryPoint","urlTemplate":"https:\/\/canaryislandsfilm.com\/?s={search_term_string}"},"query-input":{"@type":"PropertyValueSpecification","valueRequired":true,"valueName":"search_term_string"}}],"inLanguage":"en-US"},{"@type":"Organization","@id":"https:\/\/canaryislandsfilm.com\/#organization","name":"Canary Islands Film","url":"https:\/\/canaryislandsfilm.com\/","logo":{"@type":"ImageObject","inLanguage":"en-US","@id":"https:\/\/canaryislandsfilm.com\/#\/schema\/logo\/image\/","url":"https:\/\/canaryislandsfilm.com\/wp-content\/uploads\/2019\/06\/logonotica-CIF.png","contentUrl":"https:\/\/canaryislandsfilm.com\/wp-content\/uploads\/2019\/06\/logonotica-CIF.png","width":400,"height":111,"caption":"Canary Islands Film"},"image":{"@id":"https:\/\/canaryislandsfilm.com\/#\/schema\/logo\/image\/"},"sameAs":["https:\/\/www.facebook.com\/CanaryIslandsFilm\/","https:\/\/www.instagram.com\/canaryislandsfilm\/","https:\/\/www.youtube.com\/channel\/UCaLlibOVe6aF3QkQ2Ksxd7Q"]},{"@type":"Person","@id":"https:\/\/canaryislandsfilm.com\/#\/schema\/person\/221de8fc4e43a28d9c23ff95448b8e87","name":"gestion","image":{"@type":"ImageObject","inLanguage":"en-US","@id":"https:\/\/secure.gravatar.com\/avatar\/140a50f3ccedb6800db975f54f98fd4383ad5a46bc6d271860482fa120c27172?s=96&d=mm&r=g","url":"https:\/\/secure.gravatar.com\/avatar\/140a50f3ccedb6800db975f54f98fd4383ad5a46bc6d271860482fa120c27172?s=96&d=mm&r=g","contentUrl":"https:\/\/secure.gravatar.com\/avatar\/140a50f3ccedb6800db975f54f98fd4383ad5a46bc6d271860482fa120c27172?s=96&d=mm&r=g","caption":"gestion"},"url":"https:\/\/canaryislandsfilm.com\/en\/author\/gestion\/"}]}},"_links":{"self":[{"href":"https:\/\/canaryislandsfilm.com\/en\/wp-json\/wp\/v2\/posts\/27568","targetHints":{"allow":["GET"]}}],"collection":[{"href":"https:\/\/canaryislandsfilm.com\/en\/wp-json\/wp\/v2\/posts"}],"about":[{"href":"https:\/\/canaryislandsfilm.com\/en\/wp-json\/wp\/v2\/types\/post"}],"author":[{"embeddable":true,"href":"https:\/\/canaryislandsfilm.com\/en\/wp-json\/wp\/v2\/users\/1"}],"replies":[{"embeddable":true,"href":"https:\/\/canaryislandsfilm.com\/en\/wp-json\/wp\/v2\/comments?post=27568"}],"version-history":[{"count":2,"href":"https:\/\/canaryislandsfilm.com\/en\/wp-json\/wp\/v2\/posts\/27568\/revisions"}],"predecessor-version":[{"id":27583,"href":"https:\/\/canaryislandsfilm.com\/en\/wp-json\/wp\/v2\/posts\/27568\/revisions\/27583"}],"wp:featuredmedia":[{"embeddable":true,"href":"https:\/\/canaryislandsfilm.com\/en\/wp-json\/wp\/v2\/media\/27580"}],"wp:attachment":[{"href":"https:\/\/canaryislandsfilm.com\/en\/wp-json\/wp\/v2\/media?parent=27568"}],"wp:term":[{"taxonomy":"category","embeddable":true,"href":"https:\/\/canaryislandsfilm.com\/en\/wp-json\/wp\/v2\/categories?post=27568"},{"taxonomy":"post_tag","embeddable":true,"href":"https:\/\/canaryislandsfilm.com\/en\/wp-json\/wp\/v2\/tags?post=27568"}],"curies":[{"name":"wp","href":"https:\/\/api.w.org\/{rel}","templated":true}]}}