{"id":9517,"date":"2022-01-14T14:28:01","date_gmt":"2022-01-14T14:28:01","guid":{"rendered":"https:\/\/canaryislandsfilm.com\/irreal\/"},"modified":"2022-02-25T14:22:43","modified_gmt":"2022-02-25T14:22:43","slug":"irreal","status":"publish","type":"post","link":"https:\/\/canaryislandsfilm.com\/en\/irreal\/","title":{"rendered":"Irreal"},"content":{"rendered":"[vc_row type=&#8221;in_container&#8221; full_screen_row_position=&#8221;middle&#8221; column_margin=&#8221;default&#8221; column_direction=&#8221;default&#8221; column_direction_tablet=&#8221;default&#8221; column_direction_phone=&#8221;default&#8221; scene_position=&#8221;center&#8221; text_color=&#8221;dark&#8221; text_align=&#8221;left&#8221; row_border_radius=&#8221;none&#8221; row_border_radius_applies=&#8221;bg&#8221; overflow=&#8221;visible&#8221; overlay_strength=&#8221;0.3&#8243; gradient_direction=&#8221;left_to_right&#8221; shape_divider_position=&#8221;bottom&#8221; bg_image_animation=&#8221;none&#8221;][vc_column column_padding=&#8221;no-extra-padding&#8221; column_padding_tablet=&#8221;inherit&#8221; column_padding_phone=&#8221;inherit&#8221; column_padding_position=&#8221;all&#8221; column_element_spacing=&#8221;default&#8221; background_color_opacity=&#8221;1&#8243; background_hover_color_opacity=&#8221;1&#8243; column_shadow=&#8221;none&#8221; column_border_radius=&#8221;none&#8221; column_link_target=&#8221;_self&#8221; column_position=&#8221;default&#8221; gradient_direction=&#8221;left_to_right&#8221; overlay_strength=&#8221;0.3&#8243; width=&#8221;1\/1&#8243; tablet_width_inherit=&#8221;default&#8221; tablet_text_alignment=&#8221;default&#8221; phone_text_alignment=&#8221;default&#8221; animation_type=&#8221;default&#8221; bg_image_animation=&#8221;none&#8221; border_type=&#8221;simple&#8221; column_border_width=&#8221;none&#8221; column_border_style=&#8221;solid&#8221;][vc_column_text]\n<p style=\"text-align: center;\">Spain \/ Amsterdam<br \/>\nExperimental<br \/>\nDuration \/ 10\u2032<br \/>\nColor \u2013 16:9 HD 1920\u00d71080<br \/>\nLanguage: Non-dialogue<\/p>\n[\/vc_column_text][\/vc_column][\/vc_row][vc_row type=&#8221;in_container&#8221; full_screen_row_position=&#8221;middle&#8221; column_margin=&#8221;default&#8221; column_direction=&#8221;default&#8221; column_direction_tablet=&#8221;default&#8221; column_direction_phone=&#8221;default&#8221; scene_position=&#8221;center&#8221; text_color=&#8221;dark&#8221; text_align=&#8221;left&#8221; row_border_radius=&#8221;none&#8221; row_border_radius_applies=&#8221;bg&#8221; overflow=&#8221;visible&#8221; overlay_strength=&#8221;0.3&#8243; gradient_direction=&#8221;left_to_right&#8221; shape_divider_position=&#8221;bottom&#8221; bg_image_animation=&#8221;none&#8221;][vc_column column_padding=&#8221;no-extra-padding&#8221; column_padding_tablet=&#8221;inherit&#8221; column_padding_phone=&#8221;inherit&#8221; column_padding_position=&#8221;all&#8221; column_element_spacing=&#8221;default&#8221; background_color_opacity=&#8221;1&#8243; background_hover_color_opacity=&#8221;1&#8243; column_shadow=&#8221;none&#8221; column_border_radius=&#8221;none&#8221; column_link_target=&#8221;_self&#8221; column_position=&#8221;default&#8221; gradient_direction=&#8221;left_to_right&#8221; overlay_strength=&#8221;0.3&#8243; width=&#8221;1\/1&#8243; tablet_width_inherit=&#8221;default&#8221; tablet_text_alignment=&#8221;default&#8221; phone_text_alignment=&#8221;default&#8221; animation_type=&#8221;default&#8221; bg_image_animation=&#8221;none&#8221; border_type=&#8221;simple&#8221; column_border_width=&#8221;none&#8221; column_border_style=&#8221;solid&#8221;][vc_gallery type=&#8221;nectarslider_style&#8221; images=&#8221;8708,8706,8704&#8243; image_loading=&#8221;default&#8221; bullet_navigation_style=&#8221;see_through&#8221; onclick=&#8221;link_image&#8221;][vc_column_text]\n<p style=\"text-align: center;\"><strong>Irreal is inspired by the distortion of reality felt by Javier Estupi\u00f1\u00e1n, when su\ufb00ering from a migraine. This is a dark but also calm and beautiful journey to a world in which the unreal (irreal in Spanish) is deeply intertwined with the sensory perceptions. <\/strong><\/p>\n[\/vc_column_text][\/vc_column][\/vc_row][vc_row type=&#8221;in_container&#8221; full_screen_row_position=&#8221;middle&#8221; column_margin=&#8221;default&#8221; equal_height=&#8221;yes&#8221; content_placement=&#8221;middle&#8221; column_direction=&#8221;default&#8221; column_direction_tablet=&#8221;default&#8221; column_direction_phone=&#8221;default&#8221; scene_position=&#8221;center&#8221; top_padding=&#8221;2%&#8221; bottom_padding=&#8221;2%&#8221; text_color=&#8221;dark&#8221; text_align=&#8221;left&#8221; row_border_radius=&#8221;none&#8221; row_border_radius_applies=&#8221;bg&#8221; overflow=&#8221;visible&#8221; advanced_gradient_angle=&#8221;0&#8243; overlay_strength=&#8221;0.3&#8243; gradient_direction=&#8221;left_to_right&#8221; shape_divider_position=&#8221;bottom&#8221; bg_image_animation=&#8221;none&#8221; force_equal_height_columns=&#8221;main_row&#8221; gradient_type=&#8221;default&#8221; shape_type=&#8221;&#8221;][vc_column column_padding=&#8221;no-extra-padding&#8221; column_padding_tablet=&#8221;inherit&#8221; column_padding_phone=&#8221;inherit&#8221; column_padding_position=&#8221;all&#8221; column_element_spacing=&#8221;default&#8221; background_color_opacity=&#8221;1&#8243; background_hover_color_opacity=&#8221;1&#8243; column_shadow=&#8221;none&#8221; column_border_radius=&#8221;none&#8221; column_link_target=&#8221;_self&#8221; column_position=&#8221;default&#8221; gradient_direction=&#8221;left_to_right&#8221; overlay_strength=&#8221;0.3&#8243; width=&#8221;1\/2&#8243; tablet_width_inherit=&#8221;default&#8221; tablet_text_alignment=&#8221;default&#8221; phone_text_alignment=&#8221;default&#8221; animation_type=&#8221;default&#8221; bg_image_animation=&#8221;none&#8221; border_type=&#8221;simple&#8221; column_border_width=&#8221;none&#8221; column_border_style=&#8221;solid&#8221;][image_with_animation image_url=&#8221;8657&#8243; image_size=&#8221;full&#8221; animation_type=&#8221;entrance&#8221; animation=&#8221;Fade In&#8221; hover_animation=&#8221;none&#8221; alignment=&#8221;center&#8221; border_radius=&#8221;none&#8221; box_shadow=&#8221;none&#8221; image_loading=&#8221;default&#8221; max_width=&#8221;50%&#8221; max_width_mobile=&#8221;default&#8221;][\/vc_column][vc_column column_padding=&#8221;no-extra-padding&#8221; column_padding_tablet=&#8221;inherit&#8221; column_padding_phone=&#8221;inherit&#8221; column_padding_position=&#8221;all&#8221; column_element_spacing=&#8221;default&#8221; background_color_opacity=&#8221;1&#8243; background_hover_color_opacity=&#8221;1&#8243; column_shadow=&#8221;none&#8221; column_border_radius=&#8221;none&#8221; column_link_target=&#8221;_self&#8221; column_position=&#8221;default&#8221; gradient_direction=&#8221;left_to_right&#8221; overlay_strength=&#8221;0.3&#8243; width=&#8221;1\/2&#8243; tablet_width_inherit=&#8221;default&#8221; tablet_text_alignment=&#8221;default&#8221; phone_text_alignment=&#8221;default&#8221; animation_type=&#8221;default&#8221; bg_image_animation=&#8221;none&#8221; border_type=&#8221;simple&#8221; column_border_width=&#8221;none&#8221; column_border_style=&#8221;solid&#8221;][vc_column_text]<strong>Written and directed by<\/strong> \/ Javier Estupi\u00f1\u00e1n<br \/>\n<strong>Music<\/strong> \/ Javier Estupi\u00f1\u00e1n<br \/>\n<strong>Editing<\/strong> \/ Javier Estupi\u00f1\u00e1n<br \/>\n<strong>Produced by<\/strong> \/ Javier Estupi\u00f1\u00e1n[\/vc_column_text][\/vc_column][\/vc_row][vc_row type=&#8221;full_width_background&#8221; full_screen_row_position=&#8221;middle&#8221; column_margin=&#8221;default&#8221; column_direction=&#8221;default&#8221; column_direction_tablet=&#8221;default&#8221; column_direction_phone=&#8221;default&#8221; bg_color=&#8221;#ffe2b7&#8243; scene_position=&#8221;center&#8221; top_padding=&#8221;2%&#8221; bottom_padding=&#8221;2%&#8221; text_color=&#8221;dark&#8221; text_align=&#8221;left&#8221; row_border_radius=&#8221;none&#8221; row_border_radius_applies=&#8221;bg&#8221; overflow=&#8221;visible&#8221; advanced_gradient_angle=&#8221;0&#8243; overlay_strength=&#8221;0.3&#8243; gradient_direction=&#8221;left_to_right&#8221; shape_divider_position=&#8221;bottom&#8221; bg_image_animation=&#8221;none&#8221; dfd_row_config=&#8221;full_width_content_paddings&#8221; dfd_overlay_color=&#8221;#ffe2b7&#8243; dfd_overlay_pattern_opacity=&#8221;100&#8243; gradient_type=&#8221;default&#8221; shape_type=&#8221;&#8221;][vc_column column_padding=&#8221;no-extra-padding&#8221; column_padding_tablet=&#8221;inherit&#8221; column_padding_phone=&#8221;inherit&#8221; column_padding_position=&#8221;all&#8221; column_element_spacing=&#8221;default&#8221; background_color_opacity=&#8221;1&#8243; background_hover_color_opacity=&#8221;1&#8243; column_shadow=&#8221;none&#8221; column_border_radius=&#8221;none&#8221; column_link_target=&#8221;_self&#8221; column_position=&#8221;default&#8221; gradient_direction=&#8221;left_to_right&#8221; overlay_strength=&#8221;0.3&#8243; width=&#8221;1\/1&#8243; tablet_width_inherit=&#8221;default&#8221; tablet_text_alignment=&#8221;default&#8221; phone_text_alignment=&#8221;default&#8221; animation_type=&#8221;default&#8221; bg_image_animation=&#8221;none&#8221; border_type=&#8221;simple&#8221; column_border_width=&#8221;none&#8221; column_border_style=&#8221;solid&#8221;][vc_column_text]\n<div class=\"wpb_text_column wpb_content_element \">\n<div class=\"wpb_wrapper\">\n<div class=\"wpb_text_column wpb_content_element \">\n<div class=\"wpb_wrapper\">\n<p style=\"text-align: center;\"><strong>BIOGRAPHY<\/strong><\/p>\n<p style=\"text-align: center;\">Javier Estupi\u00f1\u00e1n (1990, Gran Canaria) is an audiovisual artist with a background in Education and Communication. Nowadays, he is working in Amsterdam mainly as a producer, collaborating in diverse audiovisual and photography projects. Meanwhile he is developing his own Art Residency, that will take place in Gran Canaria in May 2022.<\/p>\n<p style=\"text-align: center;\">For the \ufb01rst project of this Residency, which is supported by the European program i-Portunus Houses,<\/p>\n<p style=\"text-align: center;\">he has invited 3 international artists (United Kingdom, Slovenia and Ukraine) to stay in Gran Canaria.<\/p>\n<p style=\"text-align: center;\">Estupi\u00f1\u00e1n has also worked as a \ufb01lmmaker, producer, editor and writer in Madrid and Berlin and was selected by the art gallery Yermilov Centre and Kharkiv National University (Ukraine) to be a part of Residents of the Universe, an art project in which he made his movie \u201cWith Time and Love Knowledge Grows\u201d.<\/p>\n<p style=\"text-align: center;\">As an artist, he is normally involved in all elements of his movies, which usually portray his emotions and memories, and also composes the original music.<\/p>\n<\/div>\n<\/div>\n<\/div>\n<\/div>\n[\/vc_column_text][image_with_animation image_url=&#8221;8702&#8243; image_size=&#8221;full&#8221; animation_type=&#8221;entrance&#8221; animation=&#8221;Fade In&#8221; hover_animation=&#8221;none&#8221; alignment=&#8221;center&#8221; border_radius=&#8221;none&#8221; box_shadow=&#8221;none&#8221; image_loading=&#8221;default&#8221; max_width=&#8221;50%&#8221; max_width_mobile=&#8221;default&#8221;][vc_column_text]\n<p style=\"text-align: center;\"><strong>Javier Estupi\u00f1\u00e1n<\/strong><\/p>\n<hr \/>\n[\/vc_column_text][\/vc_column][\/vc_row][vc_row type=&#8221;in_container&#8221; full_screen_row_position=&#8221;middle&#8221; column_margin=&#8221;default&#8221; column_direction=&#8221;default&#8221; column_direction_tablet=&#8221;default&#8221; column_direction_phone=&#8221;default&#8221; scene_position=&#8221;center&#8221; top_padding=&#8221;2%&#8221; text_color=&#8221;dark&#8221; text_align=&#8221;center&#8221; row_border_radius=&#8221;none&#8221; row_border_radius_applies=&#8221;bg&#8221; overflow=&#8221;visible&#8221; advanced_gradient_angle=&#8221;0&#8243; overlay_strength=&#8221;0.3&#8243; gradient_direction=&#8221;left_to_right&#8221; shape_divider_position=&#8221;bottom&#8221; bg_image_animation=&#8221;none&#8221; gradient_type=&#8221;default&#8221; shape_type=&#8221;&#8221;][vc_column column_padding=&#8221;no-extra-padding&#8221; column_padding_tablet=&#8221;inherit&#8221; column_padding_phone=&#8221;inherit&#8221; column_padding_position=&#8221;all&#8221; column_element_spacing=&#8221;default&#8221; background_color_opacity=&#8221;1&#8243; background_hover_color_opacity=&#8221;1&#8243; column_shadow=&#8221;none&#8221; column_border_radius=&#8221;none&#8221; column_link_target=&#8221;_self&#8221; column_position=&#8221;default&#8221; gradient_direction=&#8221;left_to_right&#8221; overlay_strength=&#8221;0.3&#8243; width=&#8221;1\/1&#8243; tablet_width_inherit=&#8221;default&#8221; tablet_text_alignment=&#8221;default&#8221; phone_text_alignment=&#8221;default&#8221; animation_type=&#8221;default&#8221; bg_image_animation=&#8221;none&#8221; border_type=&#8221;simple&#8221; column_border_width=&#8221;none&#8221; column_border_style=&#8221;solid&#8221;][nectar_btn size=&#8221;large&#8221; button_style=&#8221;regular&#8221; button_color_2=&#8221;Extra-Color-1&#8243; icon_family=&#8221;none&#8221; text=&#8221;BACK&#8221; url=&#8221;\/en\/canarias-en-corto\/&#8221;][\/vc_column][\/vc_row]\n","protected":false},"excerpt":{"rendered":"<p>[vc_row type=&#8221;in_container&#8221; full_screen_row_position=&#8221;middle&#8221; column_margin=&#8221;default&#8221; column_direction=&#8221;default&#8221; column_direction_tablet=&#8221;default&#8221; column_direction_phone=&#8221;default&#8221; scene_position=&#8221;center&#8221; text_color=&#8221;dark&#8221; text_align=&#8221;left&#8221; row_border_radius=&#8221;none&#8221; row_border_radius_applies=&#8221;bg&#8221; overflow=&#8221;visible&#8221; overlay_strength=&#8221;0.3&#8243; gradient_direction=&#8221;left_to_right&#8221; shape_divider_position=&#8221;bottom&#8221; bg_image_animation=&#8221;none&#8221;][vc_column column_padding=&#8221;no-extra-padding&#8221; column_padding_tablet=&#8221;inherit&#8221; column_padding_phone=&#8221;inherit&#8221; column_padding_position=&#8221;all&#8221; column_element_spacing=&#8221;default&#8221; background_color_opacity=&#8221;1&#8243; background_hover_color_opacity=&#8221;1&#8243; column_shadow=&#8221;none&#8221; column_border_radius=&#8221;none&#8221; column_link_target=&#8221;_self&#8221; column_position=&#8221;default&#8221; gradient_direction=&#8221;left_to_right&#8221; overlay_strength=&#8221;0.3&#8243;&#8230;<\/p>\n","protected":false},"author":1,"featured_media":8658,"comment_status":"closed","ping_status":"closed","sticky":false,"template":"","format":"standard","meta":{"_acf_changed":false,"footnotes":""},"categories":[146],"tags":[],"class_list":{"0":"post-9517","1":"post","2":"type-post","3":"status-publish","4":"format-standard","5":"has-post-thumbnail","7":"category-canarias-en-corto-2022-eng"},"acf":[],"yoast_head":"<!-- This site is optimized with the Yoast SEO plugin v27.5 - https:\/\/yoast.com\/product\/yoast-seo-wordpress\/ -->\n<title>Irreal &#8226; Canary Islands Film<\/title>\n<meta name=\"description\" content=\"Te ofrecemos en un solo espacio todas las novedades del sector audiovisual de Canarias: Noticias, Subvenciones, Festivales \u00a1todo a tu alcance!\" \/>\n<meta name=\"robots\" content=\"index, follow, max-snippet:-1, max-image-preview:large, max-video-preview:-1\" \/>\n<link rel=\"canonical\" href=\"https:\/\/canaryislandsfilm.com\/en\/irreal\/\" \/>\n<meta property=\"og:locale\" content=\"en_US\" \/>\n<meta property=\"og:type\" content=\"article\" \/>\n<meta property=\"og:title\" content=\"Irreal &#8226; Canary Islands Film\" \/>\n<meta property=\"og:description\" content=\"Te ofrecemos en un solo espacio todas las novedades del sector audiovisual de Canarias: Noticias, Subvenciones, Festivales \u00a1todo a tu alcance!\" \/>\n<meta property=\"og:url\" content=\"https:\/\/canaryislandsfilm.com\/en\/irreal\/\" \/>\n<meta property=\"og:site_name\" content=\"Canary Islands Film\" \/>\n<meta property=\"article:publisher\" content=\"https:\/\/www.facebook.com\/CanaryIslandsFilm\/\" \/>\n<meta property=\"article:published_time\" content=\"2022-01-14T14:28:01+00:00\" \/>\n<meta property=\"article:modified_time\" content=\"2022-02-25T14:22:43+00:00\" \/>\n<meta property=\"og:image\" content=\"https:\/\/canaryislandsfilm.com\/wp-content\/uploads\/2022\/01\/Cartel-Irreal_Canarias-en-Corto-min.jpg\" \/>\n\t<meta property=\"og:image:width\" content=\"1200\" \/>\n\t<meta property=\"og:image:height\" content=\"1600\" \/>\n\t<meta property=\"og:image:type\" content=\"image\/jpeg\" \/>\n<meta name=\"author\" content=\"gestion\" \/>\n<meta name=\"twitter:card\" content=\"summary_large_image\" \/>\n<meta name=\"twitter:label1\" content=\"Written by\" \/>\n\t<meta name=\"twitter:data1\" content=\"gestion\" \/>\n\t<meta name=\"twitter:label2\" content=\"Est. reading time\" \/>\n\t<meta name=\"twitter:data2\" content=\"6 minutes\" \/>\n<script type=\"application\/ld+json\" class=\"yoast-schema-graph\">{\"@context\":\"https:\\\/\\\/schema.org\",\"@graph\":[{\"@type\":\"Article\",\"@id\":\"https:\\\/\\\/canaryislandsfilm.com\\\/en\\\/irreal\\\/#article\",\"isPartOf\":{\"@id\":\"https:\\\/\\\/canaryislandsfilm.com\\\/en\\\/irreal\\\/\"},\"author\":{\"name\":\"gestion\",\"@id\":\"https:\\\/\\\/canaryislandsfilm.com\\\/#\\\/schema\\\/person\\\/221de8fc4e43a28d9c23ff95448b8e87\"},\"headline\":\"Irreal\",\"datePublished\":\"2022-01-14T14:28:01+00:00\",\"dateModified\":\"2022-02-25T14:22:43+00:00\",\"mainEntityOfPage\":{\"@id\":\"https:\\\/\\\/canaryislandsfilm.com\\\/en\\\/irreal\\\/\"},\"wordCount\":1237,\"publisher\":{\"@id\":\"https:\\\/\\\/canaryislandsfilm.com\\\/#organization\"},\"image\":{\"@id\":\"https:\\\/\\\/canaryislandsfilm.com\\\/en\\\/irreal\\\/#primaryimage\"},\"thumbnailUrl\":\"https:\\\/\\\/canaryislandsfilm.com\\\/wp-content\\\/uploads\\\/2022\\\/01\\\/Cartel-Irreal_Canarias-en-Corto-min.jpg\",\"articleSection\":[\"Canarias en corto 2022 ENG\"],\"inLanguage\":\"en-US\"},{\"@type\":\"WebPage\",\"@id\":\"https:\\\/\\\/canaryislandsfilm.com\\\/en\\\/irreal\\\/\",\"url\":\"https:\\\/\\\/canaryislandsfilm.com\\\/en\\\/irreal\\\/\",\"name\":\"Irreal &#8226; Canary Islands Film\",\"isPartOf\":{\"@id\":\"https:\\\/\\\/canaryislandsfilm.com\\\/#website\"},\"primaryImageOfPage\":{\"@id\":\"https:\\\/\\\/canaryislandsfilm.com\\\/en\\\/irreal\\\/#primaryimage\"},\"image\":{\"@id\":\"https:\\\/\\\/canaryislandsfilm.com\\\/en\\\/irreal\\\/#primaryimage\"},\"thumbnailUrl\":\"https:\\\/\\\/canaryislandsfilm.com\\\/wp-content\\\/uploads\\\/2022\\\/01\\\/Cartel-Irreal_Canarias-en-Corto-min.jpg\",\"datePublished\":\"2022-01-14T14:28:01+00:00\",\"dateModified\":\"2022-02-25T14:22:43+00:00\",\"description\":\"Te ofrecemos en un solo espacio todas las novedades del sector audiovisual de Canarias: Noticias, Subvenciones, Festivales \u00a1todo a tu alcance!\",\"breadcrumb\":{\"@id\":\"https:\\\/\\\/canaryislandsfilm.com\\\/en\\\/irreal\\\/#breadcrumb\"},\"inLanguage\":\"en-US\",\"potentialAction\":[{\"@type\":\"ReadAction\",\"target\":[\"https:\\\/\\\/canaryislandsfilm.com\\\/en\\\/irreal\\\/\"]}]},{\"@type\":\"ImageObject\",\"inLanguage\":\"en-US\",\"@id\":\"https:\\\/\\\/canaryislandsfilm.com\\\/en\\\/irreal\\\/#primaryimage\",\"url\":\"https:\\\/\\\/canaryislandsfilm.com\\\/wp-content\\\/uploads\\\/2022\\\/01\\\/Cartel-Irreal_Canarias-en-Corto-min.jpg\",\"contentUrl\":\"https:\\\/\\\/canaryislandsfilm.com\\\/wp-content\\\/uploads\\\/2022\\\/01\\\/Cartel-Irreal_Canarias-en-Corto-min.jpg\",\"width\":1200,\"height\":1600},{\"@type\":\"BreadcrumbList\",\"@id\":\"https:\\\/\\\/canaryislandsfilm.com\\\/en\\\/irreal\\\/#breadcrumb\",\"itemListElement\":[{\"@type\":\"ListItem\",\"position\":1,\"name\":\"Portada\",\"item\":\"https:\\\/\\\/canaryislandsfilm.com\\\/en\\\/\"},{\"@type\":\"ListItem\",\"position\":2,\"name\":\"Irreal\"}]},{\"@type\":\"WebSite\",\"@id\":\"https:\\\/\\\/canaryislandsfilm.com\\\/#website\",\"url\":\"https:\\\/\\\/canaryislandsfilm.com\\\/\",\"name\":\"Canary Islands Film\",\"description\":\"Departamento del Gobierno de Canarias a trav\u00e9s del cual puedes encontrar la informaci\u00f3n necesaria sobre las ventajas fiscales, las localizaciones, y todo lo necesario para tu producci\u00f3n audiovisual.\",\"publisher\":{\"@id\":\"https:\\\/\\\/canaryislandsfilm.com\\\/#organization\"},\"alternateName\":\"Canary Islands Film. The Smart Filming\",\"potentialAction\":[{\"@type\":\"SearchAction\",\"target\":{\"@type\":\"EntryPoint\",\"urlTemplate\":\"https:\\\/\\\/canaryislandsfilm.com\\\/?s={search_term_string}\"},\"query-input\":{\"@type\":\"PropertyValueSpecification\",\"valueRequired\":true,\"valueName\":\"search_term_string\"}}],\"inLanguage\":\"en-US\"},{\"@type\":\"Organization\",\"@id\":\"https:\\\/\\\/canaryislandsfilm.com\\\/#organization\",\"name\":\"Canary Islands Film\",\"url\":\"https:\\\/\\\/canaryislandsfilm.com\\\/\",\"logo\":{\"@type\":\"ImageObject\",\"inLanguage\":\"en-US\",\"@id\":\"https:\\\/\\\/canaryislandsfilm.com\\\/#\\\/schema\\\/logo\\\/image\\\/\",\"url\":\"https:\\\/\\\/canaryislandsfilm.com\\\/wp-content\\\/uploads\\\/2019\\\/06\\\/logonotica-CIF.png\",\"contentUrl\":\"https:\\\/\\\/canaryislandsfilm.com\\\/wp-content\\\/uploads\\\/2019\\\/06\\\/logonotica-CIF.png\",\"width\":400,\"height\":111,\"caption\":\"Canary Islands Film\"},\"image\":{\"@id\":\"https:\\\/\\\/canaryislandsfilm.com\\\/#\\\/schema\\\/logo\\\/image\\\/\"},\"sameAs\":[\"https:\\\/\\\/www.facebook.com\\\/CanaryIslandsFilm\\\/\",\"https:\\\/\\\/www.instagram.com\\\/canaryislandsfilm\\\/\",\"https:\\\/\\\/www.youtube.com\\\/channel\\\/UCaLlibOVe6aF3QkQ2Ksxd7Q\"]},{\"@type\":\"Person\",\"@id\":\"https:\\\/\\\/canaryislandsfilm.com\\\/#\\\/schema\\\/person\\\/221de8fc4e43a28d9c23ff95448b8e87\",\"name\":\"gestion\",\"image\":{\"@type\":\"ImageObject\",\"inLanguage\":\"en-US\",\"@id\":\"https:\\\/\\\/secure.gravatar.com\\\/avatar\\\/140a50f3ccedb6800db975f54f98fd4383ad5a46bc6d271860482fa120c27172?s=96&d=mm&r=g\",\"url\":\"https:\\\/\\\/secure.gravatar.com\\\/avatar\\\/140a50f3ccedb6800db975f54f98fd4383ad5a46bc6d271860482fa120c27172?s=96&d=mm&r=g\",\"contentUrl\":\"https:\\\/\\\/secure.gravatar.com\\\/avatar\\\/140a50f3ccedb6800db975f54f98fd4383ad5a46bc6d271860482fa120c27172?s=96&d=mm&r=g\",\"caption\":\"gestion\"},\"url\":\"https:\\\/\\\/canaryislandsfilm.com\\\/en\\\/author\\\/gestion\\\/\"}]}<\/script>\n<!-- \/ Yoast SEO plugin. -->","yoast_head_json":{"title":"Irreal &#8226; Canary Islands Film","description":"Te ofrecemos en un solo espacio todas las novedades del sector audiovisual de Canarias: Noticias, Subvenciones, Festivales \u00a1todo a tu alcance!","robots":{"index":"index","follow":"follow","max-snippet":"max-snippet:-1","max-image-preview":"max-image-preview:large","max-video-preview":"max-video-preview:-1"},"canonical":"https:\/\/canaryislandsfilm.com\/en\/irreal\/","og_locale":"en_US","og_type":"article","og_title":"Irreal &#8226; Canary Islands Film","og_description":"Te ofrecemos en un solo espacio todas las novedades del sector audiovisual de Canarias: Noticias, Subvenciones, Festivales \u00a1todo a tu alcance!","og_url":"https:\/\/canaryislandsfilm.com\/en\/irreal\/","og_site_name":"Canary Islands Film","article_publisher":"https:\/\/www.facebook.com\/CanaryIslandsFilm\/","article_published_time":"2022-01-14T14:28:01+00:00","article_modified_time":"2022-02-25T14:22:43+00:00","og_image":[{"width":1200,"height":1600,"url":"https:\/\/canaryislandsfilm.com\/wp-content\/uploads\/2022\/01\/Cartel-Irreal_Canarias-en-Corto-min.jpg","type":"image\/jpeg"}],"author":"gestion","twitter_card":"summary_large_image","twitter_misc":{"Written by":"gestion","Est. reading time":"6 minutes"},"schema":{"@context":"https:\/\/schema.org","@graph":[{"@type":"Article","@id":"https:\/\/canaryislandsfilm.com\/en\/irreal\/#article","isPartOf":{"@id":"https:\/\/canaryislandsfilm.com\/en\/irreal\/"},"author":{"name":"gestion","@id":"https:\/\/canaryislandsfilm.com\/#\/schema\/person\/221de8fc4e43a28d9c23ff95448b8e87"},"headline":"Irreal","datePublished":"2022-01-14T14:28:01+00:00","dateModified":"2022-02-25T14:22:43+00:00","mainEntityOfPage":{"@id":"https:\/\/canaryislandsfilm.com\/en\/irreal\/"},"wordCount":1237,"publisher":{"@id":"https:\/\/canaryislandsfilm.com\/#organization"},"image":{"@id":"https:\/\/canaryislandsfilm.com\/en\/irreal\/#primaryimage"},"thumbnailUrl":"https:\/\/canaryislandsfilm.com\/wp-content\/uploads\/2022\/01\/Cartel-Irreal_Canarias-en-Corto-min.jpg","articleSection":["Canarias en corto 2022 ENG"],"inLanguage":"en-US"},{"@type":"WebPage","@id":"https:\/\/canaryislandsfilm.com\/en\/irreal\/","url":"https:\/\/canaryislandsfilm.com\/en\/irreal\/","name":"Irreal &#8226; Canary Islands Film","isPartOf":{"@id":"https:\/\/canaryislandsfilm.com\/#website"},"primaryImageOfPage":{"@id":"https:\/\/canaryislandsfilm.com\/en\/irreal\/#primaryimage"},"image":{"@id":"https:\/\/canaryislandsfilm.com\/en\/irreal\/#primaryimage"},"thumbnailUrl":"https:\/\/canaryislandsfilm.com\/wp-content\/uploads\/2022\/01\/Cartel-Irreal_Canarias-en-Corto-min.jpg","datePublished":"2022-01-14T14:28:01+00:00","dateModified":"2022-02-25T14:22:43+00:00","description":"Te ofrecemos en un solo espacio todas las novedades del sector audiovisual de Canarias: Noticias, Subvenciones, Festivales \u00a1todo a tu alcance!","breadcrumb":{"@id":"https:\/\/canaryislandsfilm.com\/en\/irreal\/#breadcrumb"},"inLanguage":"en-US","potentialAction":[{"@type":"ReadAction","target":["https:\/\/canaryislandsfilm.com\/en\/irreal\/"]}]},{"@type":"ImageObject","inLanguage":"en-US","@id":"https:\/\/canaryislandsfilm.com\/en\/irreal\/#primaryimage","url":"https:\/\/canaryislandsfilm.com\/wp-content\/uploads\/2022\/01\/Cartel-Irreal_Canarias-en-Corto-min.jpg","contentUrl":"https:\/\/canaryislandsfilm.com\/wp-content\/uploads\/2022\/01\/Cartel-Irreal_Canarias-en-Corto-min.jpg","width":1200,"height":1600},{"@type":"BreadcrumbList","@id":"https:\/\/canaryislandsfilm.com\/en\/irreal\/#breadcrumb","itemListElement":[{"@type":"ListItem","position":1,"name":"Portada","item":"https:\/\/canaryislandsfilm.com\/en\/"},{"@type":"ListItem","position":2,"name":"Irreal"}]},{"@type":"WebSite","@id":"https:\/\/canaryislandsfilm.com\/#website","url":"https:\/\/canaryislandsfilm.com\/","name":"Canary Islands Film","description":"Departamento del Gobierno de Canarias a trav\u00e9s del cual puedes encontrar la informaci\u00f3n necesaria sobre las ventajas fiscales, las localizaciones, y todo lo necesario para tu producci\u00f3n audiovisual.","publisher":{"@id":"https:\/\/canaryislandsfilm.com\/#organization"},"alternateName":"Canary Islands Film. The Smart Filming","potentialAction":[{"@type":"SearchAction","target":{"@type":"EntryPoint","urlTemplate":"https:\/\/canaryislandsfilm.com\/?s={search_term_string}"},"query-input":{"@type":"PropertyValueSpecification","valueRequired":true,"valueName":"search_term_string"}}],"inLanguage":"en-US"},{"@type":"Organization","@id":"https:\/\/canaryislandsfilm.com\/#organization","name":"Canary Islands Film","url":"https:\/\/canaryislandsfilm.com\/","logo":{"@type":"ImageObject","inLanguage":"en-US","@id":"https:\/\/canaryislandsfilm.com\/#\/schema\/logo\/image\/","url":"https:\/\/canaryislandsfilm.com\/wp-content\/uploads\/2019\/06\/logonotica-CIF.png","contentUrl":"https:\/\/canaryislandsfilm.com\/wp-content\/uploads\/2019\/06\/logonotica-CIF.png","width":400,"height":111,"caption":"Canary Islands Film"},"image":{"@id":"https:\/\/canaryislandsfilm.com\/#\/schema\/logo\/image\/"},"sameAs":["https:\/\/www.facebook.com\/CanaryIslandsFilm\/","https:\/\/www.instagram.com\/canaryislandsfilm\/","https:\/\/www.youtube.com\/channel\/UCaLlibOVe6aF3QkQ2Ksxd7Q"]},{"@type":"Person","@id":"https:\/\/canaryislandsfilm.com\/#\/schema\/person\/221de8fc4e43a28d9c23ff95448b8e87","name":"gestion","image":{"@type":"ImageObject","inLanguage":"en-US","@id":"https:\/\/secure.gravatar.com\/avatar\/140a50f3ccedb6800db975f54f98fd4383ad5a46bc6d271860482fa120c27172?s=96&d=mm&r=g","url":"https:\/\/secure.gravatar.com\/avatar\/140a50f3ccedb6800db975f54f98fd4383ad5a46bc6d271860482fa120c27172?s=96&d=mm&r=g","contentUrl":"https:\/\/secure.gravatar.com\/avatar\/140a50f3ccedb6800db975f54f98fd4383ad5a46bc6d271860482fa120c27172?s=96&d=mm&r=g","caption":"gestion"},"url":"https:\/\/canaryislandsfilm.com\/en\/author\/gestion\/"}]}},"_links":{"self":[{"href":"https:\/\/canaryislandsfilm.com\/en\/wp-json\/wp\/v2\/posts\/9517","targetHints":{"allow":["GET"]}}],"collection":[{"href":"https:\/\/canaryislandsfilm.com\/en\/wp-json\/wp\/v2\/posts"}],"about":[{"href":"https:\/\/canaryislandsfilm.com\/en\/wp-json\/wp\/v2\/types\/post"}],"author":[{"embeddable":true,"href":"https:\/\/canaryislandsfilm.com\/en\/wp-json\/wp\/v2\/users\/1"}],"replies":[{"embeddable":true,"href":"https:\/\/canaryislandsfilm.com\/en\/wp-json\/wp\/v2\/comments?post=9517"}],"version-history":[{"count":2,"href":"https:\/\/canaryislandsfilm.com\/en\/wp-json\/wp\/v2\/posts\/9517\/revisions"}],"predecessor-version":[{"id":9518,"href":"https:\/\/canaryislandsfilm.com\/en\/wp-json\/wp\/v2\/posts\/9517\/revisions\/9518"}],"wp:featuredmedia":[{"embeddable":true,"href":"https:\/\/canaryislandsfilm.com\/en\/wp-json\/wp\/v2\/media\/8658"}],"wp:attachment":[{"href":"https:\/\/canaryislandsfilm.com\/en\/wp-json\/wp\/v2\/media?parent=9517"}],"wp:term":[{"taxonomy":"category","embeddable":true,"href":"https:\/\/canaryislandsfilm.com\/en\/wp-json\/wp\/v2\/categories?post=9517"},{"taxonomy":"post_tag","embeddable":true,"href":"https:\/\/canaryislandsfilm.com\/en\/wp-json\/wp\/v2\/tags?post=9517"}],"curies":[{"name":"wp","href":"https:\/\/api.w.org\/{rel}","templated":true}]}}